{"id":7726,"date":"2021-07-28T15:00:09","date_gmt":"2021-07-28T15:00:09","guid":{"rendered":"https:\/\/projectar.net.ar\/cefede\/?p=7726"},"modified":"2025-08-14T01:58:26","modified_gmt":"2025-08-14T01:58:26","slug":"preparate-para-dar-tus-primeros-pasos-en-la-registracion-y-emicion-de-los-estados-contables","status":"publish","type":"post","link":"https:\/\/projectar.net.ar\/cefede\/preparate-para-dar-tus-primeros-pasos-en-la-registracion-y-emicion-de-los-estados-contables\/","title":{"rendered":"Taller \u00abMI PRIMER BALANCE\u00bb"},"content":{"rendered":"<section class=\"elementor-section elementor-top-section elementor-element elementor-element-2f5782d6 elementor-section-boxed elementor-section-height-default elementor-section-height-default\" data-id=\"2f5782d6\" data-element_type=\"section\">\n<div class=\"elementor-container elementor-column-gap-default\">\n<div class=\"elementor-row\">\n<div class=\"elementor-column elementor-col-100 elementor-top-column elementor-element elementor-element-1be927c6\" data-id=\"1be927c6\" data-element_type=\"column\">\n<div class=\"elementor-column-wrap elementor-element-populated\">\n<div class=\"elementor-widget-wrap\">\n<div class=\"elementor-element elementor-element-2fd778dd elementor-widget elementor-widget-text-editor\" data-id=\"2fd778dd\" data-element_type=\"widget\" data-widget_type=\"text-editor.default\">\n<div class=\"elementor-widget-container\">\n<div class=\"elementor-text-editor elementor-clearfix\">\n<h1><span style=\"color: #ff6600;\"><strong>AGOSTO &#8211; SEPTIEMBRE 2025<\/strong><\/span><\/h1>\n<\/div>\n<\/div>\n<\/div>\n<\/div>\n<\/div>\n<\/div>\n<\/div>\n<\/div>\n<\/section>\n<section class=\"elementor-section elementor-top-section elementor-element elementor-element-731da92 elementor-section-boxed elementor-section-height-default elementor-section-height-default\" data-id=\"731da92\" data-element_type=\"section\">\n<div class=\"elementor-container elementor-column-gap-default\">\n<div class=\"elementor-row\">\n<div class=\"elementor-column elementor-col-100 elementor-top-column elementor-element elementor-element-a1c5689\" data-id=\"a1c5689\" data-element_type=\"column\">\n<div class=\"elementor-column-wrap elementor-element-populated\">\n<div class=\"elementor-widget-wrap\">\n<div class=\"elementor-element elementor-element-4cd8b33 elementor-widget elementor-widget-text-editor\" data-id=\"4cd8b33\" data-element_type=\"widget\" data-widget_type=\"text-editor.default\">\n<div class=\"elementor-widget-container\">\n<div class=\"elementor-text-editor elementor-clearfix\">\n<h1><strong>\u00a1Preparate para emitir tus primeros estados contables!<\/strong><\/h1>\n<h1><span style=\"color: #ff6600;\"><b>Taller GRATUITO, para los integrantes de nuestra comunidad<\/b><\/span><\/h1>\n<h2><span style=\"color: #000000;\">Objetivos<\/span><\/h2>\n<p>Es muy com\u00fan que al estar trabajando en un estudio o llevando tus primeros clientes, no pases por la experiencia de conseguir, ordenar, y registrar la informaci\u00f3n que proviene de los diferentes m\u00f3dulos y circuitos de la empresa, o de los sectores del estudio especializados en el \u00e1rea impositiva o laboral.<\/p>\n<p>Es habitual tener la creencia que los Estados Contables los hace el Contador, o alguien especializado, y que no sepas por donde empezar cuando estas dando tus primeros pasos como profesional independiente, y te llega una sociedad\u00a0 para realizar el Balance General.<\/p>\n<\/div>\n<p>Sentite preparado para ese desaf\u00edo y seguir creciendo como profesional.<\/p>\n<p>Como si fuera poco este taller es <strong><span style=\"color: #ff6600;\">GRATUITO<\/span><\/strong> para aquellos que hayan realizado nuestros <strong><span style=\"color: #ff0000;\">TRAINING<\/span><\/strong>, y se han sumado a nuestra comunidad.<\/p>\n<p>Si a\u00fan no lo hiciste, anotate, <span style=\"color: #ff6600;\"><span style=\"color: #000000;\">se parte de la<\/span><strong> COMUNIDAD CEFEDE &#8211; PROJECTAR <span style=\"color: #000000;\">y disfruta de los<\/span> BENEFICIOS de SER PARTE<\/strong><\/span>.<\/p>\n<div class=\"elementor-text-editor elementor-clearfix\">\n<h2><strong>Que vamos a ver<\/strong><\/h2>\n<p>El taller constar\u00e1 de dos partes:<\/p>\n<h3>\u00a0 \u00a0<span style=\"color: #333333;\">En la <strong>primera parte<\/strong><\/span>,<\/h3>\n<ul>\n<li>Veremos como interactuar con la empresa y el estudio (impositivo-laboral) para obtener la informaci\u00f3n necesaria<\/li>\n<li>Los papeles de trabajo que permitan organizar, clasificar y preparar la informaci\u00f3n (partiendo de la documentaci\u00f3n o del sumas y saldos que emite un software contable l\u00edder, como la plataforma<strong><span style=\"color: #ff6600;\">\u00a0ONVIO<\/span><\/strong>)<\/li>\n<li>Para posteriormente llegar a la registraci\u00f3n, en <span style=\"color: #339966;\"><strong>EXCEL.<\/strong><\/span><\/li>\n<\/ul>\n<h3>\u00a0 \u00a0<span style=\"color: #333333;\">En la <strong>segunda parte<\/strong><\/span>,<\/h3>\n<ul>\n<li>Contando con la informaci\u00f3n organizada y registrada, pasaremos a darle forma de presentaci\u00f3n, de modo tal de llegar a los <span style=\"color: #ff6600;\"><strong>Estados Contables listos para ser Certificados en el Consejo<\/strong><\/span> Profesional de Ciencias Econ\u00f3micas, incluyendo el famoso <span style=\"color: #ff6600;\"><strong>Ajuste por Inflaci\u00f3n<\/strong>.<\/span><\/li>\n<li>Y finalmente realizaremos la registraci\u00f3n en el Sistema, para poder emitir los informes a copiar a los <span style=\"color: #ff6600;\"><strong>libros Diario, Inventario y Balances.<\/strong><\/span><\/li>\n<\/ul>\n<h2><strong>Destinatarios<\/strong><\/h2>\n<p><strong><em>Estudiantes<\/em><\/strong><em> intermedios, avanzados o\u00a0<strong>j\u00f3venes graduados<\/strong>\u00a0de carreras Universitarias, Terciarias o Tecnicaturas, relacionadas con Ciencias Econ\u00f3micas que busquen complementar sus conocimientos te\u00f3rico-t\u00e9cnicos con la\u00a0<strong>pr\u00e1ctica profesional<\/strong>, como tambi\u00e9n actuales o potenciales empleados administrativos de\u00a0<strong>empresas pymes o estudios contables<\/strong>\u00a0que tienen o pretenden tener la posibilidad de trabajar, pero necesitan profundizar los aspectos conceptuales.<\/em><\/p>\n<h2><strong>Fechas y certificaci\u00f3n<\/strong><\/h2>\n<p>Dos jornadas de 3h cada una de ellas mas la pr\u00e1ctica para afianzar los conocimientos.<\/p>\n<p><strong>Consideraciones Generales<\/strong><\/p>\n<p><strong>\u2013 D\u00edas y Horarios<\/strong><\/p>\n<p>ANUNCIAREMOS MUY PRONTO!<\/p>\n<p><strong>\u2013 Asistencia M\u00ednima y Certificaci\u00f3n<\/strong><\/p>\n<p>Se extender\u00e1 un diploma certificado a quienes cumplan con los objetivos planteados en funci\u00f3n a la asistencia y desempe\u00f1o, siendo la asistencia 100% por cada m\u00f3dulo.<\/p>\n<h3><strong>Inscripci\u00f3n<\/strong><\/h3>\n<p>Para reservar tu lugar escr\u00edbenos a <a href=\"mailto:institucional@projectar.net.ar\"><strong>cefede@projectar.net.ar<\/strong><\/a><strong>,\u00a0<\/strong>donde podr\u00e1s solicitar m\u00e1s informaci\u00f3n.<\/p>\n<p>&nbsp;<\/p>\n<\/div>\n<\/div>\n<\/div>\n<\/div>\n<\/div>\n<\/div>\n<\/div>\n<\/div>\n<\/section>\n","protected":false},"excerpt":{"rendered":"<p>AGOSTO &#8211; SEPTIEMBRE 2025 \u00a1Preparate para emitir tus primeros estados contables! Taller GRATUITO, para los integrantes de nuestra comunidad Objetivos<\/p>\n","protected":false},"author":1,"featured_media":7797,"comment_status":"open","ping_status":"open","sticky":false,"template":"","format":"standard","meta":{"footnotes":""},"categories":[1],"tags":[],"class_list":["post-7726","post","type-post","status-publish","format-standard","has-post-thumbnail","hentry","category-actividades"],"_links":{"self":[{"href":"https:\/\/projectar.net.ar\/cefede\/wp-json\/wp\/v2\/posts\/7726","targetHints":{"allow":["GET"]}}],"collection":[{"href":"https:\/\/projectar.net.ar\/cefede\/wp-json\/wp\/v2\/posts"}],"about":[{"href":"https:\/\/projectar.net.ar\/cefede\/wp-json\/wp\/v2\/types\/post"}],"author":[{"embeddable":true,"href":"https:\/\/projectar.net.ar\/cefede\/wp-json\/wp\/v2\/users\/1"}],"replies":[{"embeddable":true,"href":"https:\/\/projectar.net.ar\/cefede\/wp-json\/wp\/v2\/comments?post=7726"}],"version-history":[{"count":10,"href":"https:\/\/projectar.net.ar\/cefede\/wp-json\/wp\/v2\/posts\/7726\/revisions"}],"predecessor-version":[{"id":7873,"href":"https:\/\/projectar.net.ar\/cefede\/wp-json\/wp\/v2\/posts\/7726\/revisions\/7873"}],"wp:featuredmedia":[{"embeddable":true,"href":"https:\/\/projectar.net.ar\/cefede\/wp-json\/wp\/v2\/media\/7797"}],"wp:attachment":[{"href":"https:\/\/projectar.net.ar\/cefede\/wp-json\/wp\/v2\/media?parent=7726"}],"wp:term":[{"taxonomy":"category","embeddable":true,"href":"https:\/\/projectar.net.ar\/cefede\/wp-json\/wp\/v2\/categories?post=7726"},{"taxonomy":"post_tag","embeddable":true,"href":"https:\/\/projectar.net.ar\/cefede\/wp-json\/wp\/v2\/tags?post=7726"}],"curies":[{"name":"wp","href":"https:\/\/api.w.org\/{rel}","templated":true}]}}